{"id":1337,"date":"2020-11-20T11:02:50","date_gmt":"2020-11-20T10:02:50","guid":{"rendered":"http:\/\/lwkzonq.cluster028.hosting.ovh.net\/?p=1337"},"modified":"2022-04-28T11:23:38","modified_gmt":"2022-04-28T09:23:38","slug":"maison-daccueil-specialisee-meze","status":"publish","type":"post","link":"http:\/\/lwkzonq.cluster028.hosting.ovh.net\/index.php\/2020\/11\/20\/maison-daccueil-specialisee-meze\/","title":{"rendered":"Maison d&rsquo;Accueil Sp\u00e9cialis\u00e9e &#8211; M\u00e8ze"},"content":{"rendered":"<div id=\"pl-1337\"  class=\"panel-layout\" ><div id=\"pg-1337-0\"  class=\"panel-grid panel-no-style\" ><div id=\"pgc-1337-0-0\"  class=\"panel-grid-cell\" ><div id=\"panel-1337-0-0-0\" class=\"so-panel widget widget_themegrill_suffice_title tg-title-container panel-first-child panel-last-child\" data-index=\"0\" ><div class=\"title title-default title-center\">\n\t<h3 class=\"title-title\" style=background-color:#cccccc;>Maison d&#039;Accueil Sp\u00e9cialis\u00e9e - M\u00e8ze<\/h3>\n\n\t\t\t<p class=\"sub-title\">Op\u00e9ration propre - 2000<\/p>\n\t\n\t\n\t<\/div>\n<\/div><\/div><\/div><div id=\"pg-1337-1\"  class=\"panel-grid panel-no-style\" ><div id=\"pgc-1337-1-0\"  class=\"panel-grid-cell\" ><div id=\"panel-1337-1-0-0\" class=\"so-panel widget widget_text panel-first-child panel-last-child\" data-index=\"1\" ><h3 class=\"widget-title\">Caract\u00e9ristiques techniques<\/h3>\t\t\t<div class=\"textwidget\"><p>B\u00e2timent \u00e0 usage d&rsquo;accueil et d&rsquo;h\u00e9bergement de personnes handicap\u00e9es d&rsquo;une superficie de 1 942 m\u00b2<br \/>\nLe b\u00e2timent comporte 37 places :<\/p>\n<ul>\n<li>29 places en internat<\/li>\n<li>8 places en externat<\/li>\n<li>1 place en accueil d&rsquo;urgence<\/li>\n<\/ul>\n<\/div>\n\t\t<\/div><\/div><div id=\"pgc-1337-1-1\"  class=\"panel-grid-cell\" ><div id=\"panel-1337-1-1-0\" class=\"so-panel widget widget_text panel-first-child panel-last-child\" data-index=\"2\" ><h3 class=\"widget-title\">Caract\u00e9ristiques financi\u00e8res<\/h3>\t\t\t<div class=\"textwidget\"><ul>\n<li>Co\u00fbt des travaux : 1 650 600 \u20ac HT<\/li>\n<\/ul>\n<\/div>\n\t\t<\/div><\/div><\/div><\/div>","protected":false},"excerpt":{"rendered":"<p>B\u00e2timent \u00e0 usage d&rsquo;accueil et d&rsquo;h\u00e9bergement de personnes handicap\u00e9es d&rsquo;une superficie de 1 942 m\u00b2 Le b\u00e2timent comporte 37 places : 29 places en internat 8 places en externat 1 place en accueil d&rsquo;urgence Co\u00fbt des travaux : 1 650 600 \u20ac HT<\/p>\n","protected":false},"author":1,"featured_media":0,"comment_status":"open","ping_status":"open","sticky":false,"template":"","format":"standard","meta":[],"categories":[33],"tags":[],"_links":{"self":[{"href":"http:\/\/lwkzonq.cluster028.hosting.ovh.net\/index.php\/wp-json\/wp\/v2\/posts\/1337"}],"collection":[{"href":"http:\/\/lwkzonq.cluster028.hosting.ovh.net\/index.php\/wp-json\/wp\/v2\/posts"}],"about":[{"href":"http:\/\/lwkzonq.cluster028.hosting.ovh.net\/index.php\/wp-json\/wp\/v2\/types\/post"}],"author":[{"embeddable":true,"href":"http:\/\/lwkzonq.cluster028.hosting.ovh.net\/index.php\/wp-json\/wp\/v2\/users\/1"}],"replies":[{"embeddable":true,"href":"http:\/\/lwkzonq.cluster028.hosting.ovh.net\/index.php\/wp-json\/wp\/v2\/comments?post=1337"}],"version-history":[{"count":6,"href":"http:\/\/lwkzonq.cluster028.hosting.ovh.net\/index.php\/wp-json\/wp\/v2\/posts\/1337\/revisions"}],"predecessor-version":[{"id":1897,"href":"http:\/\/lwkzonq.cluster028.hosting.ovh.net\/index.php\/wp-json\/wp\/v2\/posts\/1337\/revisions\/1897"}],"wp:attachment":[{"href":"http:\/\/lwkzonq.cluster028.hosting.ovh.net\/index.php\/wp-json\/wp\/v2\/media?parent=1337"}],"wp:term":[{"taxonomy":"category","embeddable":true,"href":"http:\/\/lwkzonq.cluster028.hosting.ovh.net\/index.php\/wp-json\/wp\/v2\/categories?post=1337"},{"taxonomy":"post_tag","embeddable":true,"href":"http:\/\/lwkzonq.cluster028.hosting.ovh.net\/index.php\/wp-json\/wp\/v2\/tags?post=1337"}],"curies":[{"name":"wp","href":"https:\/\/api.w.org\/{rel}","templated":true}]}}